{"id":151,"count":0,"description":"","link":"https:\/\/tramapaisagismo.com.br\/index.php\/paisagismo\/maranta-peluda\/","name":"maranta peluda","slug":"maranta-peluda","taxonomy":"post_tag","meta":[],"yoast_head":"<!-- This site is optimized with the Yoast SEO plugin v27.4 - https:\/\/yoast.com\/product\/yoast-seo-wordpress\/ -->\n<title>Arquivo de maranta peluda - Gabriela Trama Paisagismo<\/title>\n<meta name=\"robots\" content=\"index, follow, max-snippet:-1, max-image-preview:large, max-video-preview:-1\" \/>\n<link rel=\"canonical\" href=\"https:\/\/tramapaisagismo.com.br\/index.php\/paisagismo\/maranta-peluda\/\" \/>\n<meta property=\"og:locale\" content=\"pt_BR\" \/>\n<meta property=\"og:type\" content=\"article\" \/>\n<meta property=\"og:title\" content=\"Arquivo de maranta peluda - Gabriela Trama Paisagismo\" \/>\n<meta property=\"og:url\" content=\"https:\/\/tramapaisagismo.com.br\/index.php\/paisagismo\/maranta-peluda\/\" \/>\n<meta property=\"og:site_name\" content=\"Gabriela Trama Paisagismo\" \/>\n<meta name=\"twitter:card\" content=\"summary_large_image\" \/>\n<script type=\"application\/ld+json\" class=\"yoast-schema-graph\">{\"@context\":\"https:\\\/\\\/schema.org\",\"@graph\":[{\"@type\":\"CollectionPage\",\"@id\":\"https:\\\/\\\/tramapaisagismo.com.br\\\/index.php\\\/paisagismo\\\/maranta-peluda\\\/\",\"url\":\"https:\\\/\\\/tramapaisagismo.com.br\\\/index.php\\\/paisagismo\\\/maranta-peluda\\\/\",\"name\":\"Arquivo de maranta peluda - Gabriela Trama Paisagismo\",\"isPartOf\":{\"@id\":\"https:\\\/\\\/tramapaisagismo.com.br\\\/#website\"},\"breadcrumb\":{\"@id\":\"https:\\\/\\\/tramapaisagismo.com.br\\\/index.php\\\/paisagismo\\\/maranta-peluda\\\/#breadcrumb\"},\"inLanguage\":\"pt-BR\"},{\"@type\":\"BreadcrumbList\",\"@id\":\"https:\\\/\\\/tramapaisagismo.com.br\\\/index.php\\\/paisagismo\\\/maranta-peluda\\\/#breadcrumb\",\"itemListElement\":[{\"@type\":\"ListItem\",\"position\":1,\"name\":\"In\u00edcio\",\"item\":\"https:\\\/\\\/tramapaisagismo.com.br\\\/\"},{\"@type\":\"ListItem\",\"position\":2,\"name\":\"maranta peluda\"}]},{\"@type\":\"WebSite\",\"@id\":\"https:\\\/\\\/tramapaisagismo.com.br\\\/#website\",\"url\":\"https:\\\/\\\/tramapaisagismo.com.br\\\/\",\"name\":\"Gabriela Trama Paisagismo\",\"description\":\"Projeto e Implanta\u00e7\u00e3o de Jardins\",\"publisher\":{\"@id\":\"https:\\\/\\\/tramapaisagismo.com.br\\\/#\\\/schema\\\/person\\\/93f28c57eae2e941e3b8421147e7f09a\"},\"potentialAction\":[{\"@type\":\"SearchAction\",\"target\":{\"@type\":\"EntryPoint\",\"urlTemplate\":\"https:\\\/\\\/tramapaisagismo.com.br\\\/?s={search_term_string}\"},\"query-input\":{\"@type\":\"PropertyValueSpecification\",\"valueRequired\":true,\"valueName\":\"search_term_string\"}}],\"inLanguage\":\"pt-BR\"},{\"@type\":[\"Person\",\"Organization\"],\"@id\":\"https:\\\/\\\/tramapaisagismo.com.br\\\/#\\\/schema\\\/person\\\/93f28c57eae2e941e3b8421147e7f09a\",\"name\":\"Gabriela Trama\",\"image\":{\"@type\":\"ImageObject\",\"inLanguage\":\"pt-BR\",\"@id\":\"https:\\\/\\\/tramapaisagismo.com.br\\\/wp-content\\\/uploads\\\/2018\\\/06\\\/GABITRAMA-1024x576.jpg\",\"url\":\"https:\\\/\\\/tramapaisagismo.com.br\\\/wp-content\\\/uploads\\\/2018\\\/06\\\/GABITRAMA-1024x576.jpg\",\"contentUrl\":\"https:\\\/\\\/tramapaisagismo.com.br\\\/wp-content\\\/uploads\\\/2018\\\/06\\\/GABITRAMA-1024x576.jpg\",\"width\":1024,\"height\":576,\"caption\":\"Gabriela Trama\"},\"logo\":{\"@id\":\"https:\\\/\\\/tramapaisagismo.com.br\\\/wp-content\\\/uploads\\\/2018\\\/06\\\/GABITRAMA-1024x576.jpg\"},\"description\":\"A jardinagem come\u00e7ou timidamente na minha vida. Fui estudando e me apaixonando. Atrav\u00e9s da jardinagem, conheci o paisagismo. Fiz diversos cursos na UMAPAZ como Evolu\u00e7\u00e3o dos Jardins, Fam\u00edlia Orchidaceae, Recursos Paisag\u00edsticos e muitos outros. Sou de S\u00e3o Paulo e sempre morei em casa, com espa\u00e7o para plantas, animais, aromas e sensa\u00e7\u00f5es. Me casei e fui para um apartamento. Minha sacadinha era meu canto favorito. No in\u00edcio resolvi me especializar em jardins em apartamentos, que me trouxe muita experi\u00eancia. Hoje fa\u00e7o projetos para casas, coberturas e qualquer ambiente que possa ser transformado. Cada projeto \u00e9 \u00fanico e gosto de tratar todos os assuntos diretamente com o cliente. Penso que o jardim vai al\u00e9m da est\u00e9tica. Precisa trazer momentos \u00fanicos, mem\u00f3rias afetivas e ativar nossos 5 sentidos.\",\"sameAs\":[\"https:\\\/\\\/tramapaisagismo.com.br\",\"@gabriela_trama_paisagismo\",\"tpaisagismo\"]}]}<\/script>\n<!-- \/ Yoast SEO plugin. -->","yoast_head_json":{"title":"Arquivo de maranta peluda - Gabriela Trama Paisagismo","robots":{"index":"index","follow":"follow","max-snippet":"max-snippet:-1","max-image-preview":"max-image-preview:large","max-video-preview":"max-video-preview:-1"},"canonical":"https:\/\/tramapaisagismo.com.br\/index.php\/paisagismo\/maranta-peluda\/","og_locale":"pt_BR","og_type":"article","og_title":"Arquivo de maranta peluda - Gabriela Trama Paisagismo","og_url":"https:\/\/tramapaisagismo.com.br\/index.php\/paisagismo\/maranta-peluda\/","og_site_name":"Gabriela Trama Paisagismo","twitter_card":"summary_large_image","schema":{"@context":"https:\/\/schema.org","@graph":[{"@type":"CollectionPage","@id":"https:\/\/tramapaisagismo.com.br\/index.php\/paisagismo\/maranta-peluda\/","url":"https:\/\/tramapaisagismo.com.br\/index.php\/paisagismo\/maranta-peluda\/","name":"Arquivo de maranta peluda - Gabriela Trama Paisagismo","isPartOf":{"@id":"https:\/\/tramapaisagismo.com.br\/#website"},"breadcrumb":{"@id":"https:\/\/tramapaisagismo.com.br\/index.php\/paisagismo\/maranta-peluda\/#breadcrumb"},"inLanguage":"pt-BR"},{"@type":"BreadcrumbList","@id":"https:\/\/tramapaisagismo.com.br\/index.php\/paisagismo\/maranta-peluda\/#breadcrumb","itemListElement":[{"@type":"ListItem","position":1,"name":"In\u00edcio","item":"https:\/\/tramapaisagismo.com.br\/"},{"@type":"ListItem","position":2,"name":"maranta peluda"}]},{"@type":"WebSite","@id":"https:\/\/tramapaisagismo.com.br\/#website","url":"https:\/\/tramapaisagismo.com.br\/","name":"Gabriela Trama Paisagismo","description":"Projeto e Implanta\u00e7\u00e3o de Jardins","publisher":{"@id":"https:\/\/tramapaisagismo.com.br\/#\/schema\/person\/93f28c57eae2e941e3b8421147e7f09a"},"potentialAction":[{"@type":"SearchAction","target":{"@type":"EntryPoint","urlTemplate":"https:\/\/tramapaisagismo.com.br\/?s={search_term_string}"},"query-input":{"@type":"PropertyValueSpecification","valueRequired":true,"valueName":"search_term_string"}}],"inLanguage":"pt-BR"},{"@type":["Person","Organization"],"@id":"https:\/\/tramapaisagismo.com.br\/#\/schema\/person\/93f28c57eae2e941e3b8421147e7f09a","name":"Gabriela Trama","image":{"@type":"ImageObject","inLanguage":"pt-BR","@id":"https:\/\/tramapaisagismo.com.br\/wp-content\/uploads\/2018\/06\/GABITRAMA-1024x576.jpg","url":"https:\/\/tramapaisagismo.com.br\/wp-content\/uploads\/2018\/06\/GABITRAMA-1024x576.jpg","contentUrl":"https:\/\/tramapaisagismo.com.br\/wp-content\/uploads\/2018\/06\/GABITRAMA-1024x576.jpg","width":1024,"height":576,"caption":"Gabriela Trama"},"logo":{"@id":"https:\/\/tramapaisagismo.com.br\/wp-content\/uploads\/2018\/06\/GABITRAMA-1024x576.jpg"},"description":"A jardinagem come\u00e7ou timidamente na minha vida. Fui estudando e me apaixonando. Atrav\u00e9s da jardinagem, conheci o paisagismo. Fiz diversos cursos na UMAPAZ como Evolu\u00e7\u00e3o dos Jardins, Fam\u00edlia Orchidaceae, Recursos Paisag\u00edsticos e muitos outros. Sou de S\u00e3o Paulo e sempre morei em casa, com espa\u00e7o para plantas, animais, aromas e sensa\u00e7\u00f5es. Me casei e fui para um apartamento. Minha sacadinha era meu canto favorito. No in\u00edcio resolvi me especializar em jardins em apartamentos, que me trouxe muita experi\u00eancia. Hoje fa\u00e7o projetos para casas, coberturas e qualquer ambiente que possa ser transformado. Cada projeto \u00e9 \u00fanico e gosto de tratar todos os assuntos diretamente com o cliente. Penso que o jardim vai al\u00e9m da est\u00e9tica. Precisa trazer momentos \u00fanicos, mem\u00f3rias afetivas e ativar nossos 5 sentidos.","sameAs":["https:\/\/tramapaisagismo.com.br","@gabriela_trama_paisagismo","tpaisagismo"]}]}},"_links":{"self":[{"href":"https:\/\/tramapaisagismo.com.br\/index.php\/wp-json\/wp\/v2\/tags\/151","targetHints":{"allow":["GET"]}}],"collection":[{"href":"https:\/\/tramapaisagismo.com.br\/index.php\/wp-json\/wp\/v2\/tags"}],"about":[{"href":"https:\/\/tramapaisagismo.com.br\/index.php\/wp-json\/wp\/v2\/taxonomies\/post_tag"}],"wp:post_type":[{"href":"https:\/\/tramapaisagismo.com.br\/index.php\/wp-json\/wp\/v2\/posts?tags=151"}],"curies":[{"name":"wp","href":"https:\/\/api.w.org\/{rel}","templated":true}]}}